{"id":3081,"date":"2021-09-20T14:56:45","date_gmt":"2021-09-20T14:56:45","guid":{"rendered":"https:\/\/www.uees.edu.sv\/biblioteca\/?p=3081"},"modified":"2021-09-20T15:37:59","modified_gmt":"2021-09-20T15:37:59","slug":"preguntas-frecuentes","status":"publish","type":"post","link":"https:\/\/www.uees.edu.sv\/biblioteca\/preguntas-frecuentes\/","title":{"rendered":"Preguntas frecuentes"},"content":{"rendered":"<h3 style=\"text-align: justify;\"><strong><u>Servicios de Biblioteca. <\/u><\/strong><\/h3>\n<ul style=\"text-align: justify;\">\n<li><strong>\u00bfCu\u00e1l es el horario de atenci\u00f3n en el campus Central ?<\/strong><\/li>\n<\/ul>\n<p style=\"text-align: justify;\">De lunes a viernes de 7:00 a.m a 7:30 p.m<\/p>\n<p style=\"text-align: justify;\">S\u00e1bados de 8:00 a.m a 12:00 m.d<\/p>\n<p>&nbsp;<\/p>\n<ul style=\"text-align: justify;\">\n<li><strong>\u00bfQu\u00e9 se necesita para hacer uso de los servicios de biblioteca?<\/strong><\/li>\n<\/ul>\n<p style=\"text-align: justify;\">Necesitas tu carnet vigente, el cual deber\u00e1s de presentar al momento de realizar pr\u00e9stamo de libros, pr\u00e9stamo de salas de estudio, en la mediateca y pr\u00e9stamo de computadoras en la sala de computo.<\/p>\n<p>&nbsp;<\/p>\n<ul style=\"text-align: justify;\">\n<li><strong>Al intentar realizar un pr\u00e9stamo me percato que no aparezco en el sistema de biblioteca \u00bfQu\u00e9 debo hacer en ese caso?<\/strong><\/li>\n<\/ul>\n<p style=\"text-align: justify;\">Dir\u00edgete al personal de biblioteca que se encuentra en atenci\u00f3n al usuario, llamar al tel\u00e9fono 2275-4058 o v\u00eda mensaje a nuestro whats App 7932-2487, el bibliotecario te tomar\u00e1 algunos datos para registrarte y as\u00ed podr\u00e1s realizar tu pr\u00e9stamo<\/p>\n<p>&nbsp;<\/p>\n<ul style=\"text-align: justify;\">\n<li><strong>\u00bfCu\u00e1ntos t\u00edtulos puedo tomar en pr\u00e9stamo?<\/strong><\/li>\n<\/ul>\n<p style=\"text-align: justify;\">Si eres estudiante el m\u00e1ximo de t\u00edtulos en pr\u00e9stamo es de 3 libros; si eres docente el m\u00e1ximo de t\u00edtulos en pr\u00e9stamo es de 5 libros.<\/p>\n<p>&nbsp;<\/p>\n<ul style=\"text-align: justify;\">\n<li><strong>\u00bfPor cuantos d\u00edas puedo tener en pr\u00e9stamo los libros?<\/strong><\/li>\n<\/ul>\n<p style=\"text-align: justify;\">Para estudiantes el m\u00e1ximo de d\u00edas en pr\u00e9stamo es de 3 d\u00edas, renovables; para docentes el m\u00e1ximo de d\u00edas en pr\u00e9stamo es de 8 d\u00edas, renovables.<\/p>\n<p style=\"text-align: justify;\">M\u00e1ximo de renovaciones para ambos tipos de usuarios es de 5 veces.<\/p>\n<p>&nbsp;<\/p>\n<ul style=\"text-align: justify;\">\n<li><strong>\u00bfPuedo llevarme los libros a mi casa?<\/strong><\/li>\n<\/ul>\n<p style=\"text-align: justify;\">Si, con alguna excepci\u00f3n.<\/p>\n<p style=\"text-align: justify;\">Existen 2 tipo de pr\u00e9stamo:<\/p>\n<p style=\"text-align: justify;\">Pr\u00e9stamo externo: puedes llevar el material en pr\u00e9stamo a tu casa, que abarca lo que es la colecci\u00f3n general.<\/p>\n<p style=\"text-align: justify;\">Pr\u00e9stamo interno: solamente puede consultar el material en pr\u00e9stamo en biblioteca, que abarca lo que es la colecci\u00f3n de referencia.<\/p>\n<p>&nbsp;<\/p>\n<ul style=\"text-align: justify;\">\n<li><strong>\u00bfPuedo renovar los pr\u00e9stamos yo mismo?<\/strong><\/li>\n<\/ul>\n<p style=\"text-align: justify;\">S\u00ed, puede hacerlo usted mismo, a trav\u00e9s del CAT\u00c1LOGO EN L\u00cdNEA ingresando a tu CUENTA en la opci\u00f3n de RENOVAR, siempre que no est\u00e9 vencido o reservado por otro usuario.<\/p>\n<p>&nbsp;<\/p>\n<ul style=\"text-align: justify;\">\n<li><strong>\u00bfPuede otra persona sacar libros en pr\u00e9stamo con mi carnet?, y \u00bfdevolverlos?<\/strong><\/li>\n<\/ul>\n<p style=\"text-align: justify;\">No, el pr\u00e9stamo es personal e intransferible. La devoluci\u00f3n s\u00ed la puede hacer otro usuario.<\/p>\n<p>&nbsp;<\/p>\n<ul style=\"text-align: justify;\">\n<li><strong>\u00bfC\u00f3mo puedo tener informaci\u00f3n de mis pr\u00e9stamos?<\/strong><\/li>\n<\/ul>\n<p style=\"text-align: justify;\">Puede consultar la informaci\u00f3n sobre sus pr\u00e9stamos al ingresar al CAT\u00c1LOGO EN L\u00cdNEA ingresando a tu CUENTA. Se facilita informaci\u00f3n detallada sobre el estado del pr\u00e9stamo de sus libros, las sanciones acumuladas, las reservas que ha realizado, etc.<\/p>\n<p>&nbsp;<\/p>\n<ul style=\"text-align: justify;\">\n<li><strong>\u00bfTengo alguna sanci\u00f3n o multa si devuelvo el libro despu\u00e9s de la fecha de devoluci\u00f3n?<\/strong><\/li>\n<\/ul>\n<p style=\"text-align: justify;\">Si, Cada libro retrasado acumula una penalizaci\u00f3n por cada d\u00eda de retraso en su devoluci\u00f3n, en este caso serian $0.50 ctvs. por libro de colecci\u00f3n general y $0.75 ctvs. por libro de colecci\u00f3n de referencia, el sistema aplica un bloqueo autom\u00e1tico del pr\u00e9stamo, es decir, no podr\u00e1s realizar ning\u00fan otro pr\u00e9stamo de cualquier otro libro hasta que hayas cancelado la penalizaci\u00f3n o mora.<\/p>\n<p>&nbsp;<\/p>\n<ul style=\"text-align: justify;\">\n<li><strong>\u00bfPuedo reservar libros desde el cat\u00e1logo?, \u00bfC\u00f3mo puedo hacerlo?<\/strong><\/li>\n<\/ul>\n<p style=\"text-align: justify;\">Si, claro que puedes reservar material bibliogr\u00e1fico desde el cat\u00e1logo en l\u00ednea, puedes ingresar al siguiente enlace donde te mostrara un video tutorial de como poder hacer la reserva.<\/p>\n<p style=\"text-align: justify;\"><span style=\"color: #0000ff;\"><a style=\"color: #0000ff;\" href=\"https:\/\/youtu.be\/FkLhr-FoVuI\">Ver video<\/a><\/span><\/p>\n<p>&nbsp;<\/p>\n<ul style=\"text-align: justify;\">\n<li><strong>\u00bfPuedo solicitar el servicio de digitalizaci\u00f3n de material bibliogr\u00e1fico?<\/strong><\/li>\n<\/ul>\n<p style=\"text-align: justify;\">Por supuesto, Puedes solicitar material bibliogr\u00e1fico digitalizado llenando el siguiente formulario<\/p>\n<p style=\"text-align: justify;\"><span style=\"color: #0000ff;\"><a style=\"color: #0000ff;\" href=\"https:\/\/forms.gle\/s8e1Uz9iNQucJsP1A\">Ver video<\/a><\/span><\/p>\n<p style=\"text-align: justify;\">M\u00e1ximo 25 p\u00e1ginas se podr\u00e1n digitalizar esto debido a los derechos de autor; posteriormente se te enviar\u00e1 el documento en formato PDF.<\/p>\n<p>&nbsp;<\/p>\n<p>&nbsp;<\/p>\n<h3 style=\"text-align: justify;\"><strong><u>Espacios de Aprendizaje. <\/u><\/strong><\/h3>\n<ul style=\"text-align: justify;\">\n<li><strong>\u00bfEn la biblioteca se puede estudiar en grupo?<\/strong><\/li>\n<\/ul>\n<p style=\"text-align: justify;\">Biblioteca, Tecnolog\u00eda y Recursos Educacionales, cuenta con tres salas de estudio que permiten estudiar en grupo.<\/p>\n<p style=\"text-align: justify;\">Previa reserva, ac\u00e9rcate al personal de biblioteca y brinda los datos que se te solicitar\u00e1n o lo puedes reservar desde nuestra p\u00e1gina de reservas<\/p>\n<p>&nbsp;<\/p>\n<ul style=\"text-align: justify;\">\n<li><strong>\u00bfEn la biblioteca me prestan computadoras?<\/strong><\/li>\n<\/ul>\n<p style=\"text-align: justify;\">Si, por supuesto. En el segundo nivel de Biblioteca, Tecnolog\u00eda y Recursos Educacionales encontrar\u00e1s la Sala de C\u00f3mputo, all\u00ed podr\u00e1s solicitar el pr\u00e9stamo de computadoras de escritorio.<\/p>\n<p style=\"text-align: justify;\">Recuerda: Debes de presentar tu carnet vigente.<\/p>\n<p>&nbsp;<\/p>\n<ul style=\"text-align: justify;\">\n<li><strong>\u00bfSe puede hacer uso de la Mediateca?<\/strong><\/li>\n<\/ul>\n<p style=\"text-align: justify;\">Si, solo necesitas presentar tu carnet vigente.<\/p>\n<p>&nbsp;<\/p>\n<p>&nbsp;<\/p>\n<h3 style=\"text-align: justify;\"><strong><u>Preguntas frecuentes sobre Formaci\u00f3n de usuario.<\/u><\/strong><\/h3>\n<ul style=\"text-align: justify;\">\n<li><strong>\u00bfSe brindan capacitaciones para docentes y estudiantes?<\/strong>\n<ul>\n<li>Claro, las capacitaciones se brindan para docentes, estudiantes e incluso personal administrativo.<\/li>\n<\/ul>\n<\/li>\n<\/ul>\n<p>&nbsp;<\/p>\n<ul style=\"text-align: justify;\">\n<li><strong>\u00bfA qu\u00e9 tipo de capacitaciones tengo acceso?<\/strong>\n<ul>\n<li>En el uso y funcionamiento de los recursos de informaci\u00f3n electr\u00f3nicos<\/li>\n<li>Aplicaci\u00f3n de forma APA<\/li>\n<li>Uso de herramienta de similitud de texto que detecta y previene el plagio<\/li>\n<li>Uso de pantallas multifuncionales<\/li>\n<\/ul>\n<\/li>\n<\/ul>\n<p>&nbsp;<\/p>\n<ul style=\"text-align: justify;\">\n<li><strong>\u00bfC\u00f3mo solicit\u00f3 una capacitaci\u00f3n sobre los servicios de biblioteca?<\/strong><\/li>\n<\/ul>\n<p style=\"text-align: justify;\">Debes de solicitarla en el \u00e1rea de informaci\u00f3n en Biblioteca, Tecnolog\u00eda y Recursos Educacionales para agendar d\u00eda y hora o por medio de los medios de comunicaci\u00f3n habilitados.<\/p>\n<p>&nbsp;<\/p>\n<ul style=\"text-align: justify;\">\n<li><strong>\u00bfExiste l\u00edmite de participantes en las capacitaciones?<\/strong><\/li>\n<\/ul>\n<p style=\"text-align: justify;\">No, no existe l\u00edmite de participantes.<\/p>\n<p>&nbsp;<\/p>\n<ul style=\"text-align: justify;\">\n<li><strong>\u00bfCu\u00e1ntas veces se puede solicitar una capacitaci\u00f3n en el a\u00f1o?<\/strong><\/li>\n<\/ul>\n<p style=\"text-align: justify;\">No hay l\u00edmite de cu\u00e1ntas veces se puede impartir una capacitaci\u00f3n, depender\u00e1 de los catedr\u00e1ticos o estudiantes las veces que la soliciten.<\/p>\n<p>&nbsp;<\/p>\n<p>&nbsp;<\/p>\n<h3 style=\"text-align: justify;\"><strong><u>Recursos electr\u00f3nicos<\/u><u>.<\/u><\/strong><\/h3>\n<ul style=\"text-align: justify;\">\n<li><strong>\u00bfA que se le llama recursos de informaci\u00f3n electr\u00f3nicos?<\/strong><\/li>\n<\/ul>\n<p style=\"text-align: justify;\">Es una amplia colecci\u00f3n de documentos en formato electr\u00f3nico especializados en todas las \u00e1reas de informaci\u00f3n.<\/p>\n<p>&nbsp;<\/p>\n<ul style=\"text-align: justify;\">\n<li><strong>\u00bfQu\u00e9 tipo de recursos electr\u00f3nicos hay?<\/strong><\/li>\n<\/ul>\n<p style=\"text-align: justify;\">Bases de datos, revistas electr\u00f3nicas, libros electr\u00f3nicos, tesis, normas, e-prints, cat\u00e1logos de bibliotecas,\u00a0 recursos web, enciclopedias y diccionarios electr\u00f3nicos, prensa electr\u00f3nica, boletines oficiales, etc.<\/p>\n<p>&nbsp;<\/p>\n<ul style=\"text-align: justify;\">\n<li><strong>\u00bfCu\u00e1l es mi usuario y contrase\u00f1a para ingresar a los recursos electr\u00f3nicos?<\/strong><\/li>\n<\/ul>\n<p style=\"text-align: justify;\">El usuario y contrase\u00f1a es el mismo n\u00famero de CIF para estudiantes y para docentes es su n\u00famero de DUI sin gui\u00f3n.<\/p>\n<p style=\"text-align: justify;\">Ingresa al siguiente enlace: <span style=\"color: #0000ff;\"><a style=\"color: #0000ff;\" href=\"http:\/\/ojs.uees.edu.sv\/ModU\/biblioteca\/erecursos.htm\">http:\/\/ojs.uees.edu.sv<\/a><\/span><\/p>\n<ul style=\"text-align: justify;\">\n<li><strong>\u00bfPuedo consultarlos desde mi dispositivo m\u00f3vil?<\/strong><\/li>\n<\/ul>\n<p style=\"text-align: justify;\">Si, por supuesto. Puede acceder desde una computadora, Tablet, iPad y dispositivo m\u00f3vil, siempre y cuando tenga acceso a internet.<\/p>\n<p>&nbsp;<\/p>\n<ul style=\"text-align: justify;\">\n<li><strong>\u00bfPuedo acceder a los recursos electr\u00f3nicos cualquier d\u00eda de la semana a cualquier hora?<\/strong><\/li>\n<\/ul>\n<p style=\"text-align: justify;\">Si, por supuesto. No hay limitaci\u00f3n alguna en cuanto al tiempo o el d\u00eda en que pueda acceder.<\/p>\n<p>&nbsp;<\/p>\n<ul style=\"text-align: justify;\">\n<li><strong>\u00bfPuedo acceder desde fuera del campus?<\/strong><\/li>\n<\/ul>\n<p style=\"text-align: justify;\">Si, con alguna excepci\u00f3n. Encontrar\u00e1 dos tipos de acceso los cuales son: acceso remoto (icono de casita en azul), que significa que puede ingresar a ellos desde la comodidad de su casa; y, acceso restringido (icono de casita tachada con una X roja), significa que solo puede ingresar a ellos dentro del campus de la universidad.<\/p>\n<p>&nbsp;<\/p>\n<ul style=\"text-align: justify;\">\n<li><strong>\u00bfCon qui\u00e9n me puedo comunicar en caso no pueda ingresar a los recursos electr\u00f3nicos?<\/strong><\/li>\n<\/ul>\n<p style=\"text-align: justify;\">Se puede poner en contacto con Tec. Madeline Alvarado a la direcci\u00f3n de correo electr\u00f3nico <span style=\"color: #0000ff;\"><a style=\"color: #0000ff;\" href=\"mailto:madeline.alvarado@uees.edu.sv\">madeline.alvarado@uees.edu.sv<\/a><\/span><\/p>\n<p>&nbsp;<\/p>\n<p>&nbsp;<\/p>\n<p style=\"text-align: justify;\">\n","protected":false},"excerpt":{"rendered":"<p>Servicios de Biblioteca. \u00bfCu\u00e1l es el horario de atenci\u00f3n en el campus&hellip;<\/p>\n","protected":false},"author":1,"featured_media":2569,"comment_status":"closed","ping_status":"closed","sticky":false,"template":"","format":"standard","meta":{"give_campaign_id":0,"footnotes":""},"categories":[46],"tags":[],"class_list":["post-3081","post","type-post","status-publish","format-standard","has-post-thumbnail","hentry","category-servicios"],"_links":{"self":[{"href":"https:\/\/www.uees.edu.sv\/biblioteca\/wp-json\/wp\/v2\/posts\/3081","targetHints":{"allow":["GET"]}}],"collection":[{"href":"https:\/\/www.uees.edu.sv\/biblioteca\/wp-json\/wp\/v2\/posts"}],"about":[{"href":"https:\/\/www.uees.edu.sv\/biblioteca\/wp-json\/wp\/v2\/types\/post"}],"author":[{"embeddable":true,"href":"https:\/\/www.uees.edu.sv\/biblioteca\/wp-json\/wp\/v2\/users\/1"}],"replies":[{"embeddable":true,"href":"https:\/\/www.uees.edu.sv\/biblioteca\/wp-json\/wp\/v2\/comments?post=3081"}],"version-history":[{"count":7,"href":"https:\/\/www.uees.edu.sv\/biblioteca\/wp-json\/wp\/v2\/posts\/3081\/revisions"}],"predecessor-version":[{"id":3088,"href":"https:\/\/www.uees.edu.sv\/biblioteca\/wp-json\/wp\/v2\/posts\/3081\/revisions\/3088"}],"wp:featuredmedia":[{"embeddable":true,"href":"https:\/\/www.uees.edu.sv\/biblioteca\/wp-json\/wp\/v2\/media\/2569"}],"wp:attachment":[{"href":"https:\/\/www.uees.edu.sv\/biblioteca\/wp-json\/wp\/v2\/media?parent=3081"}],"wp:term":[{"taxonomy":"category","embeddable":true,"href":"https:\/\/www.uees.edu.sv\/biblioteca\/wp-json\/wp\/v2\/categories?post=3081"},{"taxonomy":"post_tag","embeddable":true,"href":"https:\/\/www.uees.edu.sv\/biblioteca\/wp-json\/wp\/v2\/tags?post=3081"}],"curies":[{"name":"wp","href":"https:\/\/api.w.org\/{rel}","templated":true}]}}